{"id":15896,"date":"2016-11-23T15:13:35","date_gmt":"2016-11-23T14:13:35","guid":{"rendered":"https:\/\/europeanmannequins.com\/de\/?p=15896"},"modified":"2019-01-22T14:26:19","modified_gmt":"2019-01-22T13:26:19","slug":"schaufensterpuppen-graue-sascha","status":"publish","type":"post","link":"https:\/\/europeanmannequins.com\/de\/schaufensterpuppen-graue-sascha\/","title":{"rendered":"weibliche Schaufensterpuppen Graue Sascha"},"content":{"rendered":"<p>[vc_row][vc_column][vc_column_text]<\/p>\n<h2>weibliche Schaufensterpuppen Graue Sascha<\/h2>\n<p>weibliche Schaufensterfiguren Sascha im Grau. Gr\u00f6\u00dfe 38. Andere Farben sind m\u00f6glich. 6 verschiedene Positionen. Auf lager.<\/p>\n<p>&nbsp;<\/p>\n<p>Danish:<\/p>\n<p>Mannequinerne fra denne serie, leveres i st\u00f8rrelse 38, og kan f\u00e5s i alle farver, direkte fra vores egen maler afdeling.<\/p>\n<p>Mannequinerne er udviklet i Danmark og passer derfor perfekt til det skandinaviske marked.<\/p>\n<p>Sascha mannequinerne er en del af vores eksklusive Head &amp; Body serie, som har det meget store fordel af den ogs\u00e5 kan anvendes som en hovedl\u00f8s mannequin, og du ligeledes har mulighed for at tilk\u00f8be andre hovedtyper, s\u00e5 du dermed opn\u00e5r et helt andet udtryk i dine udstillinger.<\/p>\n<p>Se et eksempel p\u00e5 et andet hoved her:\u00a0<a href=\"https:\/\/europeanmannequins.com\/claire-vintage-mannequin\/\" target=\"_blank\" rel=\"noopener\">https:\/\/europeanmannequins.com\/claire-vintage-mannequin\/<\/a><\/p>\n<p>Mannequinerne leveres med en rund glasplade samt foot og leg spike.<\/p>\n<p>&nbsp;<\/p>\n<p>For yderligere oplysninger s\u00e5 kontakt os.[\/vc_column_text][\/vc_column][\/vc_row]<\/p>\n","protected":false},"excerpt":{"rendered":"<p>[vc_row][vc_column][vc_column_text] weibliche Schaufensterpuppen Graue Sascha weibliche Schaufensterfiguren Sascha im Grau. Gr\u00f6\u00dfe 38. Andere Farben sind m\u00f6glich. 6 verschiedene Positionen. Auf lager. &nbsp; Danish: Mannequinerne fra denne serie, leveres i st\u00f8rrelse 38, og kan f\u00e5s i alle farver, direkte fra vores egen maler afdeling. Mannequinerne er udviklet i Danmark og passer derfor perfekt til det skandinaviske [&hellip;]<\/p>\n","protected":false},"author":4,"featured_media":10614,"comment_status":"closed","ping_status":"closed","sticky":false,"template":"","format":"standard","meta":{"_acf_changed":false,"footnotes":""},"categories":[245,244],"tags":[],"class_list":["post-15896","post","type-post","status-publish","format-standard","has-post-thumbnail","hentry","category-kollektionen-de","category-weiblich"],"acf":[],"yoast_head":"<!-- This site is optimized with the Yoast SEO plugin v28.4 - https:\/\/yoast.com\/product\/yoast-seo-wordpress\/ -->\n<title>weibliche Schaufensterpuppen Graue Sascha | European Mannequins<\/title>\n<meta name=\"description\" content=\"weibliche Schaufensterpuppen Graue Sascha. Gr\u00f6\u00dfe 38. Andere Farben sind m\u00f6glich. 6 verschiedene Positionen. Auf lager. European Mannequins &amp; Shop\" \/>\n<meta name=\"robots\" content=\"index, follow, max-snippet:-1, max-image-preview:large, max-video-preview:-1\" \/>\n<link rel=\"canonical\" href=\"https:\/\/europeanmannequins.com\/sascha-stilistisk-mannequin\/\" \/>\n<meta property=\"og:locale\" content=\"de_DE\" \/>\n<meta property=\"og:type\" content=\"article\" \/>\n<meta property=\"og:title\" content=\"weibliche Schaufensterpuppen Graue Sascha | European Mannequins\" \/>\n<meta property=\"og:description\" content=\"weibliche Schaufensterpuppen Graue Sascha. Gr\u00f6\u00dfe 38. Andere Farben sind m\u00f6glich. 6 verschiedene Positionen. Auf lager. European Mannequins &amp; Shop\" \/>\n<meta property=\"og:url\" content=\"https:\/\/europeanmannequins.com\/sascha-stilistisk-mannequin\/\" \/>\n<meta property=\"og:site_name\" content=\"European Mannequins\" \/>\n<meta property=\"article:publisher\" content=\"https:\/\/www.facebook.com\/European-Mannequins-Shop-730455270312249\/?fref=ts\" \/>\n<meta property=\"article:published_time\" content=\"2016-11-23T14:13:35+00:00\" \/>\n<meta property=\"article:modified_time\" content=\"2019-01-22T13:26:19+00:00\" \/>\n<meta property=\"og:image\" content=\"https:\/\/europeanmannequins.com\/wp-content\/uploads\/2016\/01\/MG_0365-e1464686099964.jpg\" \/>\n\t<meta property=\"og:image:width\" content=\"1367\" \/>\n\t<meta property=\"og:image:height\" content=\"1367\" \/>\n\t<meta property=\"og:image:type\" content=\"image\/jpeg\" \/>\n<meta name=\"author\" content=\"Thomas\" \/>\n<meta name=\"twitter:card\" content=\"summary_large_image\" \/>\n<meta name=\"twitter:label1\" content=\"Verfasst von\" \/>\n\t<meta name=\"twitter:data1\" content=\"Thomas\" \/>\n\t<meta name=\"twitter:label2\" content=\"Gesch\u00e4tzte Lesezeit\" \/>\n\t<meta name=\"twitter:data2\" content=\"1\u00a0Minute\" \/>\n<script type=\"application\/ld+json\" class=\"yoast-schema-graph\">{\"@context\":\"https:\\\/\\\/schema.org\",\"@graph\":[{\"@type\":\"Article\",\"@id\":\"https:\\\/\\\/europeanmannequins.com\\\/sascha-stilistisk-mannequin\\\/#article\",\"isPartOf\":{\"@id\":\"https:\\\/\\\/europeanmannequins.com\\\/sascha-stilistisk-mannequin\\\/\"},\"author\":{\"name\":\"Thomas\",\"@id\":\"https:\\\/\\\/europeanmannequins.com\\\/#\\\/schema\\\/person\\\/ba2c6d7290d527a8b5e9325d9b9c3e6a\"},\"headline\":\"weibliche Schaufensterpuppen Graue Sascha\",\"datePublished\":\"2016-11-23T14:13:35+00:00\",\"dateModified\":\"2019-01-22T13:26:19+00:00\",\"mainEntityOfPage\":{\"@id\":\"https:\\\/\\\/europeanmannequins.com\\\/sascha-stilistisk-mannequin\\\/\"},\"wordCount\":155,\"publisher\":{\"@id\":\"https:\\\/\\\/europeanmannequins.com\\\/#organization\"},\"image\":{\"@id\":\"https:\\\/\\\/europeanmannequins.com\\\/sascha-stilistisk-mannequin\\\/#primaryimage\"},\"thumbnailUrl\":\"https:\\\/\\\/europeanmannequins.com\\\/wp-content\\\/uploads\\\/2016\\\/01\\\/MG_0365-e1464686099964.jpg\",\"articleSection\":[\"Kollektionen\",\"Weiblich\"],\"inLanguage\":\"de\"},{\"@type\":\"WebPage\",\"@id\":\"https:\\\/\\\/europeanmannequins.com\\\/sascha-stilistisk-mannequin\\\/\",\"url\":\"https:\\\/\\\/europeanmannequins.com\\\/sascha-stilistisk-mannequin\\\/\",\"name\":\"weibliche Schaufensterpuppen Graue Sascha | European Mannequins\",\"isPartOf\":{\"@id\":\"https:\\\/\\\/europeanmannequins.com\\\/#website\"},\"primaryImageOfPage\":{\"@id\":\"https:\\\/\\\/europeanmannequins.com\\\/sascha-stilistisk-mannequin\\\/#primaryimage\"},\"image\":{\"@id\":\"https:\\\/\\\/europeanmannequins.com\\\/sascha-stilistisk-mannequin\\\/#primaryimage\"},\"thumbnailUrl\":\"https:\\\/\\\/europeanmannequins.com\\\/wp-content\\\/uploads\\\/2016\\\/01\\\/MG_0365-e1464686099964.jpg\",\"datePublished\":\"2016-11-23T14:13:35+00:00\",\"dateModified\":\"2019-01-22T13:26:19+00:00\",\"description\":\"weibliche Schaufensterpuppen Graue Sascha. Gr\u00f6\u00dfe 38. Andere Farben sind m\u00f6glich. 6 verschiedene Positionen. Auf lager. European Mannequins & Shop\",\"breadcrumb\":{\"@id\":\"https:\\\/\\\/europeanmannequins.com\\\/sascha-stilistisk-mannequin\\\/#breadcrumb\"},\"inLanguage\":\"de\",\"potentialAction\":[{\"@type\":\"ReadAction\",\"target\":[\"https:\\\/\\\/europeanmannequins.com\\\/sascha-stilistisk-mannequin\\\/\"]}]},{\"@type\":\"ImageObject\",\"inLanguage\":\"de\",\"@id\":\"https:\\\/\\\/europeanmannequins.com\\\/sascha-stilistisk-mannequin\\\/#primaryimage\",\"url\":\"https:\\\/\\\/europeanmannequins.com\\\/wp-content\\\/uploads\\\/2016\\\/01\\\/MG_0365-e1464686099964.jpg\",\"contentUrl\":\"https:\\\/\\\/europeanmannequins.com\\\/wp-content\\\/uploads\\\/2016\\\/01\\\/MG_0365-e1464686099964.jpg\",\"width\":1367,\"height\":1367,\"caption\":\"weibliche Schaufensterpuppen Graue Sascha. Gr\u00f6\u00dfe 38. Andere Farben sind m\u00f6glich. 6 verschiedene Positionen. Auf lager. European Mannequins & Shop\"},{\"@type\":\"BreadcrumbList\",\"@id\":\"https:\\\/\\\/europeanmannequins.com\\\/sascha-stilistisk-mannequin\\\/#breadcrumb\",\"itemListElement\":[{\"@type\":\"ListItem\",\"position\":1,\"name\":\"Hjem\",\"item\":\"https:\\\/\\\/europeanmannequins.com\\\/de\\\/\"},{\"@type\":\"ListItem\",\"position\":2,\"name\":\"weibliche Schaufensterpuppen Graue Sascha\"}]},{\"@type\":\"WebSite\",\"@id\":\"https:\\\/\\\/europeanmannequins.com\\\/#website\",\"url\":\"https:\\\/\\\/europeanmannequins.com\\\/\",\"name\":\"European Mannequins\",\"description\":\"\",\"publisher\":{\"@id\":\"https:\\\/\\\/europeanmannequins.com\\\/#organization\"},\"potentialAction\":[{\"@type\":\"SearchAction\",\"target\":{\"@type\":\"EntryPoint\",\"urlTemplate\":\"https:\\\/\\\/europeanmannequins.com\\\/?s={search_term_string}\"},\"query-input\":{\"@type\":\"PropertyValueSpecification\",\"valueRequired\":true,\"valueName\":\"search_term_string\"}}],\"inLanguage\":\"de\"},{\"@type\":\"Organization\",\"@id\":\"https:\\\/\\\/europeanmannequins.com\\\/#organization\",\"name\":\"European Mannequins\",\"url\":\"https:\\\/\\\/europeanmannequins.com\\\/\",\"logo\":{\"@type\":\"ImageObject\",\"inLanguage\":\"de\",\"@id\":\"https:\\\/\\\/europeanmannequins.com\\\/#\\\/schema\\\/logo\\\/image\\\/\",\"url\":\"https:\\\/\\\/europeanmannequins.com\\\/wp-content\\\/uploads\\\/2016\\\/01\\\/uropeanmannequins_logo.png\",\"contentUrl\":\"https:\\\/\\\/europeanmannequins.com\\\/wp-content\\\/uploads\\\/2016\\\/01\\\/uropeanmannequins_logo.png\",\"width\":290,\"height\":103,\"caption\":\"European Mannequins\"},\"image\":{\"@id\":\"https:\\\/\\\/europeanmannequins.com\\\/#\\\/schema\\\/logo\\\/image\\\/\"},\"sameAs\":[\"https:\\\/\\\/www.facebook.com\\\/European-Mannequins-Shop-730455270312249\\\/?fref=ts\"]},{\"@type\":\"Person\",\"@id\":\"https:\\\/\\\/europeanmannequins.com\\\/#\\\/schema\\\/person\\\/ba2c6d7290d527a8b5e9325d9b9c3e6a\",\"name\":\"Thomas\",\"image\":{\"@type\":\"ImageObject\",\"inLanguage\":\"de\",\"@id\":\"https:\\\/\\\/secure.gravatar.com\\\/avatar\\\/4bd3882ed7fdc3399d45124249554a566986ce40ff39fa404423090f8a3dee2e?s=96&d=mm&r=g\",\"url\":\"https:\\\/\\\/secure.gravatar.com\\\/avatar\\\/4bd3882ed7fdc3399d45124249554a566986ce40ff39fa404423090f8a3dee2e?s=96&d=mm&r=g\",\"contentUrl\":\"https:\\\/\\\/secure.gravatar.com\\\/avatar\\\/4bd3882ed7fdc3399d45124249554a566986ce40ff39fa404423090f8a3dee2e?s=96&d=mm&r=g\",\"caption\":\"Thomas\"},\"url\":\"https:\\\/\\\/europeanmannequins.com\\\/de\\\/author\\\/thomas\\\/\"}]}<\/script>\n<!-- \/ Yoast SEO plugin. -->","yoast_head_json":{"title":"weibliche Schaufensterpuppen Graue Sascha | European Mannequins","description":"weibliche Schaufensterpuppen Graue Sascha. Gr\u00f6\u00dfe 38. Andere Farben sind m\u00f6glich. 6 verschiedene Positionen. Auf lager. European Mannequins & Shop","robots":{"index":"index","follow":"follow","max-snippet":"max-snippet:-1","max-image-preview":"max-image-preview:large","max-video-preview":"max-video-preview:-1"},"canonical":"https:\/\/europeanmannequins.com\/sascha-stilistisk-mannequin\/","og_locale":"de_DE","og_type":"article","og_title":"weibliche Schaufensterpuppen Graue Sascha | European Mannequins","og_description":"weibliche Schaufensterpuppen Graue Sascha. Gr\u00f6\u00dfe 38. Andere Farben sind m\u00f6glich. 6 verschiedene Positionen. Auf lager. European Mannequins & Shop","og_url":"https:\/\/europeanmannequins.com\/sascha-stilistisk-mannequin\/","og_site_name":"European Mannequins","article_publisher":"https:\/\/www.facebook.com\/European-Mannequins-Shop-730455270312249\/?fref=ts","article_published_time":"2016-11-23T14:13:35+00:00","article_modified_time":"2019-01-22T13:26:19+00:00","og_image":[{"width":1367,"height":1367,"url":"https:\/\/europeanmannequins.com\/wp-content\/uploads\/2016\/01\/MG_0365-e1464686099964.jpg","type":"image\/jpeg"}],"author":"Thomas","twitter_card":"summary_large_image","twitter_misc":{"Verfasst von":"Thomas","Gesch\u00e4tzte Lesezeit":"1\u00a0Minute"},"schema":{"@context":"https:\/\/schema.org","@graph":[{"@type":"Article","@id":"https:\/\/europeanmannequins.com\/sascha-stilistisk-mannequin\/#article","isPartOf":{"@id":"https:\/\/europeanmannequins.com\/sascha-stilistisk-mannequin\/"},"author":{"name":"Thomas","@id":"https:\/\/europeanmannequins.com\/#\/schema\/person\/ba2c6d7290d527a8b5e9325d9b9c3e6a"},"headline":"weibliche Schaufensterpuppen Graue Sascha","datePublished":"2016-11-23T14:13:35+00:00","dateModified":"2019-01-22T13:26:19+00:00","mainEntityOfPage":{"@id":"https:\/\/europeanmannequins.com\/sascha-stilistisk-mannequin\/"},"wordCount":155,"publisher":{"@id":"https:\/\/europeanmannequins.com\/#organization"},"image":{"@id":"https:\/\/europeanmannequins.com\/sascha-stilistisk-mannequin\/#primaryimage"},"thumbnailUrl":"https:\/\/europeanmannequins.com\/wp-content\/uploads\/2016\/01\/MG_0365-e1464686099964.jpg","articleSection":["Kollektionen","Weiblich"],"inLanguage":"de"},{"@type":"WebPage","@id":"https:\/\/europeanmannequins.com\/sascha-stilistisk-mannequin\/","url":"https:\/\/europeanmannequins.com\/sascha-stilistisk-mannequin\/","name":"weibliche Schaufensterpuppen Graue Sascha | European Mannequins","isPartOf":{"@id":"https:\/\/europeanmannequins.com\/#website"},"primaryImageOfPage":{"@id":"https:\/\/europeanmannequins.com\/sascha-stilistisk-mannequin\/#primaryimage"},"image":{"@id":"https:\/\/europeanmannequins.com\/sascha-stilistisk-mannequin\/#primaryimage"},"thumbnailUrl":"https:\/\/europeanmannequins.com\/wp-content\/uploads\/2016\/01\/MG_0365-e1464686099964.jpg","datePublished":"2016-11-23T14:13:35+00:00","dateModified":"2019-01-22T13:26:19+00:00","description":"weibliche Schaufensterpuppen Graue Sascha. Gr\u00f6\u00dfe 38. Andere Farben sind m\u00f6glich. 6 verschiedene Positionen. Auf lager. European Mannequins & Shop","breadcrumb":{"@id":"https:\/\/europeanmannequins.com\/sascha-stilistisk-mannequin\/#breadcrumb"},"inLanguage":"de","potentialAction":[{"@type":"ReadAction","target":["https:\/\/europeanmannequins.com\/sascha-stilistisk-mannequin\/"]}]},{"@type":"ImageObject","inLanguage":"de","@id":"https:\/\/europeanmannequins.com\/sascha-stilistisk-mannequin\/#primaryimage","url":"https:\/\/europeanmannequins.com\/wp-content\/uploads\/2016\/01\/MG_0365-e1464686099964.jpg","contentUrl":"https:\/\/europeanmannequins.com\/wp-content\/uploads\/2016\/01\/MG_0365-e1464686099964.jpg","width":1367,"height":1367,"caption":"weibliche Schaufensterpuppen Graue Sascha. Gr\u00f6\u00dfe 38. Andere Farben sind m\u00f6glich. 6 verschiedene Positionen. Auf lager. European Mannequins & Shop"},{"@type":"BreadcrumbList","@id":"https:\/\/europeanmannequins.com\/sascha-stilistisk-mannequin\/#breadcrumb","itemListElement":[{"@type":"ListItem","position":1,"name":"Hjem","item":"https:\/\/europeanmannequins.com\/de\/"},{"@type":"ListItem","position":2,"name":"weibliche Schaufensterpuppen Graue Sascha"}]},{"@type":"WebSite","@id":"https:\/\/europeanmannequins.com\/#website","url":"https:\/\/europeanmannequins.com\/","name":"European Mannequins","description":"","publisher":{"@id":"https:\/\/europeanmannequins.com\/#organization"},"potentialAction":[{"@type":"SearchAction","target":{"@type":"EntryPoint","urlTemplate":"https:\/\/europeanmannequins.com\/?s={search_term_string}"},"query-input":{"@type":"PropertyValueSpecification","valueRequired":true,"valueName":"search_term_string"}}],"inLanguage":"de"},{"@type":"Organization","@id":"https:\/\/europeanmannequins.com\/#organization","name":"European Mannequins","url":"https:\/\/europeanmannequins.com\/","logo":{"@type":"ImageObject","inLanguage":"de","@id":"https:\/\/europeanmannequins.com\/#\/schema\/logo\/image\/","url":"https:\/\/europeanmannequins.com\/wp-content\/uploads\/2016\/01\/uropeanmannequins_logo.png","contentUrl":"https:\/\/europeanmannequins.com\/wp-content\/uploads\/2016\/01\/uropeanmannequins_logo.png","width":290,"height":103,"caption":"European Mannequins"},"image":{"@id":"https:\/\/europeanmannequins.com\/#\/schema\/logo\/image\/"},"sameAs":["https:\/\/www.facebook.com\/European-Mannequins-Shop-730455270312249\/?fref=ts"]},{"@type":"Person","@id":"https:\/\/europeanmannequins.com\/#\/schema\/person\/ba2c6d7290d527a8b5e9325d9b9c3e6a","name":"Thomas","image":{"@type":"ImageObject","inLanguage":"de","@id":"https:\/\/secure.gravatar.com\/avatar\/4bd3882ed7fdc3399d45124249554a566986ce40ff39fa404423090f8a3dee2e?s=96&d=mm&r=g","url":"https:\/\/secure.gravatar.com\/avatar\/4bd3882ed7fdc3399d45124249554a566986ce40ff39fa404423090f8a3dee2e?s=96&d=mm&r=g","contentUrl":"https:\/\/secure.gravatar.com\/avatar\/4bd3882ed7fdc3399d45124249554a566986ce40ff39fa404423090f8a3dee2e?s=96&d=mm&r=g","caption":"Thomas"},"url":"https:\/\/europeanmannequins.com\/de\/author\/thomas\/"}]}},"_links":{"self":[{"href":"https:\/\/europeanmannequins.com\/de\/wp-json\/wp\/v2\/posts\/15896","targetHints":{"allow":["GET"]}}],"collection":[{"href":"https:\/\/europeanmannequins.com\/de\/wp-json\/wp\/v2\/posts"}],"about":[{"href":"https:\/\/europeanmannequins.com\/de\/wp-json\/wp\/v2\/types\/post"}],"author":[{"embeddable":true,"href":"https:\/\/europeanmannequins.com\/de\/wp-json\/wp\/v2\/users\/4"}],"replies":[{"embeddable":true,"href":"https:\/\/europeanmannequins.com\/de\/wp-json\/wp\/v2\/comments?post=15896"}],"version-history":[{"count":0,"href":"https:\/\/europeanmannequins.com\/de\/wp-json\/wp\/v2\/posts\/15896\/revisions"}],"wp:featuredmedia":[{"embeddable":true,"href":"https:\/\/europeanmannequins.com\/de\/wp-json\/wp\/v2\/media\/10614"}],"wp:attachment":[{"href":"https:\/\/europeanmannequins.com\/de\/wp-json\/wp\/v2\/media?parent=15896"}],"wp:term":[{"taxonomy":"category","embeddable":true,"href":"https:\/\/europeanmannequins.com\/de\/wp-json\/wp\/v2\/categories?post=15896"},{"taxonomy":"post_tag","embeddable":true,"href":"https:\/\/europeanmannequins.com\/de\/wp-json\/wp\/v2\/tags?post=15896"}],"curies":[{"name":"wp","href":"https:\/\/api.w.org\/{rel}","templated":true}]}}